{"id":244,"date":"2018-11-28T09:36:21","date_gmt":"2018-11-28T11:36:21","guid":{"rendered":"http:\/\/clinicashenamericana.com.br\/blog\/?p=244"},"modified":"2022-04-08T17:43:10","modified_gmt":"2022-04-08T20:43:10","slug":"dores-na-sola-do-pe-cuidado-voce-pode-estar-com-fascite-plantar","status":"publish","type":"post","link":"https:\/\/clinicashenamericana.com.br\/blog\/dores-na-sola-do-pe-cuidado-voce-pode-estar-com-fascite-plantar\/","title":{"rendered":"Dores na sola do p\u00e9? Cuidado, voc\u00ea pode estar com fascite plantar"},"content":{"rendered":"<p><em>Saiba mais sobre esta inflama\u00e7\u00e3o que pode acometer desde obesos at\u00e9 atletas; conhe\u00e7a tamb\u00e9m as palmilhas ortop\u00e9dicas para o tratamento.<\/em><\/p>\n<p>Para a maioria das pessoas pode soar estranho o nome: fascite plantar. Mas em outubro deste ano, a patologia ficou muito conhecida no meio futebol\u00edstico ap\u00f3s aparecer como um verdadeiro \u201cfantasma\u201d na vida do jogador do Gr\u00eamio, Luan, que chegou a ser substituido em um jogo importante contra o Palmeiras.<\/p>\n<p>Conhecida por muitos \u2013 principalmente pelos mais velhos \u2013 como \u201cespor\u00e3o\u201d, a fascite plantar d\u00e1 seus primeiros sinais de exist\u00eancia com dores persistentes nos joelhos e nos p\u00e9, mais especificadamente no calcanhar. Ela \u00e9 causada por uma inflama\u00e7\u00e3o na f\u00e1scia plantar, tecido na sola do p\u00e9 que liga o calc\u00e2neo (osso do calcanhar) aos dedos. \u201cOs principais sintomas aparecem logo de manh\u00e3. Dores fortes pr\u00f3ximo ao calc\u00e2neo e no meio do p\u00e9, sensibilidade e sensa\u00e7\u00e3o de estar rasgando a sola dos p\u00e9s s\u00e3o sinais claros da inflama\u00e7\u00e3o\u201d, afirma o fisioterapeuta F\u00e1bio Oliveira.<\/p>\n<p>A fascite plantar acomete principalmente pessoas com idade entre 40 e 60 anos. Ela surge por um excesso de tens\u00e3o no tecido plantar e alguns fatores podem estimular esta inflama\u00e7\u00e3o como a obesidade \u2013 por conta da sobrecarga aos m\u00fasculos e ossos -, anormalidades como p\u00e9 chato ou cavo, exerc\u00edcios f\u00edsicos ou atividades que estressem o calcanhar e a f\u00e1scia plantar como corrida de longa dist\u00e2ncia e ballet, ou algumas profiss\u00f5es como oper\u00e1rios, professores e atendentes que passam boa parte da jornada de trabalho em p\u00e9.<\/p>\n<p>Aos primeiros sinais da fascite \u00e9 preciso procurar o tratamento para evitar o surgimento do espor\u00e3o, fase avan\u00e7ada da inflama\u00e7\u00e3o. Um caminho mais seguro e assertivo \u00e9 a palmilha ortop\u00e9dica, feita exclusivamente para fascite plantar.<\/p>\n<p>Estimulando os receptores do p\u00e9 e promovendo uma reprograma\u00e7\u00e3o na postura, as palmilhas ortop\u00e9dicas para fascite plantar corrigem e reduzem os picos de press\u00e3o da pisada. Desta forma, as palmilhas distribuem as for\u00e7as de rea\u00e7\u00e3o do solo, reequilibrando assim a postura e atuando de forma precisa no al\u00edvio de dores e prevenindo les\u00f5es.<\/p>\n<p>As palmilhas ortop\u00e9dicas s\u00e3o de uso individual, elaboradas com material antibacteriano e antifungicida de alt\u00edssima qualidade. Sua higieniza\u00e7\u00e3o \u00e9 simples e seu uso pode ser feito no dia a dia, dentro de t\u00eanis ou sapato. Confort\u00e1vel, a palmilha serve n\u00e3o apenas para tratamento da fascite plantar, mas tamb\u00e9m \u00e9 indicada para preven\u00e7\u00e3o e tratamento de v\u00e1rias doen\u00e7as relacionadas a uma pisada assim\u00e9trica.<\/p>\n<p><strong>Voc\u00ea encontra esta palmilha e um diagn\u00f3stico eficiente na Cl\u00ednica Shen, onde nossos especialistas est\u00e3o aptos para te atender com prontid\u00e3o e profissionalismo.<\/strong><\/p>\n","protected":false},"excerpt":{"rendered":"<p>Saiba mais sobre esta inflama\u00e7\u00e3o que pode acometer desde obesos at\u00e9 atletas; conhe\u00e7a tamb\u00e9m as palmilhas ortop\u00e9dicas para o tratamento. Para a maioria das pessoas pode soar estranho o nome:&#8230;<\/p>\n","protected":false},"author":2,"featured_media":245,"comment_status":"closed","ping_status":"open","sticky":false,"template":"","format":"standard","meta":{"footnotes":""},"categories":[29],"tags":[],"yst_prominent_words":[],"class_list":["post-244","post","type-post","status-publish","format-standard","has-post-thumbnail","hentry","category-palmilhas-ortopedicas"],"_links":{"self":[{"href":"https:\/\/clinicashenamericana.com.br\/blog\/wp-json\/wp\/v2\/posts\/244"}],"collection":[{"href":"https:\/\/clinicashenamericana.com.br\/blog\/wp-json\/wp\/v2\/posts"}],"about":[{"href":"https:\/\/clinicashenamericana.com.br\/blog\/wp-json\/wp\/v2\/types\/post"}],"author":[{"embeddable":true,"href":"https:\/\/clinicashenamericana.com.br\/blog\/wp-json\/wp\/v2\/users\/2"}],"replies":[{"embeddable":true,"href":"https:\/\/clinicashenamericana.com.br\/blog\/wp-json\/wp\/v2\/comments?post=244"}],"version-history":[{"count":1,"href":"https:\/\/clinicashenamericana.com.br\/blog\/wp-json\/wp\/v2\/posts\/244\/revisions"}],"predecessor-version":[{"id":246,"href":"https:\/\/clinicashenamericana.com.br\/blog\/wp-json\/wp\/v2\/posts\/244\/revisions\/246"}],"wp:featuredmedia":[{"embeddable":true,"href":"https:\/\/clinicashenamericana.com.br\/blog\/wp-json\/wp\/v2\/media\/245"}],"wp:attachment":[{"href":"https:\/\/clinicashenamericana.com.br\/blog\/wp-json\/wp\/v2\/media?parent=244"}],"wp:term":[{"taxonomy":"category","embeddable":true,"href":"https:\/\/clinicashenamericana.com.br\/blog\/wp-json\/wp\/v2\/categories?post=244"},{"taxonomy":"post_tag","embeddable":true,"href":"https:\/\/clinicashenamericana.com.br\/blog\/wp-json\/wp\/v2\/tags?post=244"},{"taxonomy":"yst_prominent_words","embeddable":true,"href":"https:\/\/clinicashenamericana.com.br\/blog\/wp-json\/wp\/v2\/yst_prominent_words?post=244"}],"curies":[{"name":"wp","href":"https:\/\/api.w.org\/{rel}","templated":true}]}}